{"id":207,"date":"2021-09-21T20:55:28","date_gmt":"2021-09-21T20:55:28","guid":{"rendered":"https:\/\/cesa.domtombox.net\/?p=207"},"modified":"2021-09-26T21:06:52","modified_gmt":"2021-09-26T21:06:52","slug":"cesa-fait-son-expo","status":"publish","type":"post","link":"https:\/\/cesa.domtombox.net\/?p=207","title":{"rendered":"CESA fait son expo"},"content":{"rendered":"\n<p>Soyez au rendez-vous le <strong>9 octobre \u00e0 partir de 16h<\/strong>, \u00e0 la maison internationale de Rennes, pour la conf\u00e9rence sur les droits des femmes en Afrique centrale, suivie de l&rsquo;expo photo sur la vie des femmes au Cameroun. <\/p>\n\n\n\n<p>Cette expo sera :<\/p>\n\n\n\n<ul class=\"wp-block-list\"><li><strong>inclusive<\/strong> : accessible aux sourds, mal-entendants, mal-voyants et non-voyants <\/li><li><strong>interactive<\/strong> : plongez dans un environnement sonore et audiovisuel qui vous fera voyager.<\/li><\/ul>\n\n\n\n<figure class=\"wp-block-image size-large\"><img loading=\"lazy\" decoding=\"async\" width=\"724\" height=\"1024\" src=\"https:\/\/cesa.domtombox.net\/wp-content\/uploads\/2021\/09\/affiche4-1-724x1024.png\" alt=\"\" class=\"wp-image-212\" srcset=\"https:\/\/cesa.domtombox.net\/wp-content\/uploads\/2021\/09\/affiche4-1-724x1024.png 724w, https:\/\/cesa.domtombox.net\/wp-content\/uploads\/2021\/09\/affiche4-1-212x300.png 212w, https:\/\/cesa.domtombox.net\/wp-content\/uploads\/2021\/09\/affiche4-1-768x1086.png 768w, https:\/\/cesa.domtombox.net\/wp-content\/uploads\/2021\/09\/affiche4-1.png 794w\" sizes=\"auto, (max-width: 724px) 100vw, 724px\" \/><\/figure>\n","protected":false},"excerpt":{"rendered":"<p>Soyez au rendez-vous le 9 octobre \u00e0 partir de 16h, \u00e0 la maison internationale de Rennes, pour la conf\u00e9rence sur les droits des femmes en Afrique centrale, suivie de l&rsquo;expo photo sur la vie des femmes au Cameroun. Cette expo sera : inclusive : accessible aux sourds, mal-entendants, mal-voyants et non-voyants interactive : plongez dans &hellip; <\/p>\n<p class=\"link-more\"><a href=\"https:\/\/cesa.domtombox.net\/?p=207\" class=\"more-link\">Continuer la lecture<span class=\"screen-reader-text\"> de &laquo;&nbsp;CESA fait son expo&nbsp;&raquo;<\/span><\/a><\/p>\n","protected":false},"author":1,"featured_media":0,"comment_status":"open","ping_status":"closed","sticky":false,"template":"","format":"standard","meta":{"footnotes":""},"categories":[6],"tags":[],"class_list":["post-207","post","type-post","status-publish","format-standard","hentry","category-evenements"],"_links":{"self":[{"href":"https:\/\/cesa.domtombox.net\/index.php?rest_route=\/wp\/v2\/posts\/207","targetHints":{"allow":["GET"]}}],"collection":[{"href":"https:\/\/cesa.domtombox.net\/index.php?rest_route=\/wp\/v2\/posts"}],"about":[{"href":"https:\/\/cesa.domtombox.net\/index.php?rest_route=\/wp\/v2\/types\/post"}],"author":[{"embeddable":true,"href":"https:\/\/cesa.domtombox.net\/index.php?rest_route=\/wp\/v2\/users\/1"}],"replies":[{"embeddable":true,"href":"https:\/\/cesa.domtombox.net\/index.php?rest_route=%2Fwp%2Fv2%2Fcomments&post=207"}],"version-history":[{"count":7,"href":"https:\/\/cesa.domtombox.net\/index.php?rest_route=\/wp\/v2\/posts\/207\/revisions"}],"predecessor-version":[{"id":218,"href":"https:\/\/cesa.domtombox.net\/index.php?rest_route=\/wp\/v2\/posts\/207\/revisions\/218"}],"wp:attachment":[{"href":"https:\/\/cesa.domtombox.net\/index.php?rest_route=%2Fwp%2Fv2%2Fmedia&parent=207"}],"wp:term":[{"taxonomy":"category","embeddable":true,"href":"https:\/\/cesa.domtombox.net\/index.php?rest_route=%2Fwp%2Fv2%2Fcategories&post=207"},{"taxonomy":"post_tag","embeddable":true,"href":"https:\/\/cesa.domtombox.net\/index.php?rest_route=%2Fwp%2Fv2%2Ftags&post=207"}],"curies":[{"name":"wp","href":"https:\/\/api.w.org\/{rel}","templated":true}]}}