{"id":273,"date":"2022-11-13T22:49:33","date_gmt":"2022-11-13T22:49:33","guid":{"rendered":"https:\/\/cesa.domtombox.net\/?p=273"},"modified":"2022-11-29T08:03:04","modified_gmt":"2022-11-29T08:03:04","slug":"gala-caritatif","status":"publish","type":"post","link":"https:\/\/cesa.domtombox.net\/?p=273","title":{"rendered":"GALA CARITATIF"},"content":{"rendered":"\n<p><strong>Samedi 3 d\u00e9cembre 2022, 18h30 &#8211; 1h du matin, \u00e0 l&rsquo;Archipel, 2 av. du Commandant Cousteau, 35890 Laill\u00e9<\/strong><\/p>\n\n\n\n<p>Avec avec la troupe de musiciens et de danseurs <a href=\"https:\/\/www.facebook.com\/profile.php?id=100078475440645&amp;__cft__[0]=AZXqpmSbsDuftv3MIH7XEq7aNyuIUBPHQcO_eWoDcfYnUxP34wFz7r1o2OinyGOANHGu2YgQyE4t-ez0-Wch9VhYxSWh35DCKnGytHsPXxKP6qYusXMD4bn1IySG9YmYXXnFwHkdKUqPKoZbna3yj9jnDBwdOcAMW4Wm_N1CWgJWZN8C_hGuZ1eQw9Y1ojAuBCSWf884-JBYTMTR9vRZA6bV&amp;__tn__=-]K-R\">Ayelho Guichen Pont-R\u00e9an<\/a><\/p>\n\n\n\n<p>Ce sera l&rsquo;hiver \u00e0 l&rsquo;ext\u00e9rieur mais \u00e0 l&rsquo;int\u00e9rieur de la salle de Gala le mercure sera au diapason, venez bouger votre body au rythme du Djemb\u00e9 et d&rsquo;une initiation \u00e0 la danse traditionnelle africaine <img loading=\"lazy\" decoding=\"async\" alt=\"&#x1f973;\" src=\"https:\/\/static.xx.fbcdn.net\/images\/emoji.php\/v9\/t6d\/1\/16\/1f973.png\" width=\"16\" height=\"16\"><img loading=\"lazy\" decoding=\"async\" alt=\"&#x1f483;\" src=\"https:\/\/static.xx.fbcdn.net\/images\/emoji.php\/v9\/tc7\/1\/16\/1f483.png\" width=\"16\" height=\"16\"><img loading=\"lazy\" decoding=\"async\" alt=\"&#x1f57a;\" src=\"https:\/\/static.xx.fbcdn.net\/images\/emoji.php\/v9\/t97\/1\/16\/1f57a.png\" width=\"16\" height=\"16\"><\/p>\n\n\n\n<p><\/p>\n\n\n\n<p><strong>Programmation :<\/strong><\/p>\n\n\n\n<ul class=\"wp-block-list\"><li>Ap\u00e9ritif, entr\u00e9e, plat, dessert au chocolat du Cameroun et caf\u00e9 Camerounais compris<\/li><li>Artistes : danseurs africains, percussionnistes, un harpiste (Kora) et une violoniste, d\u00e9fil\u00e9 de mode, spectacle de Hip-hop, conteur africain pour les enfants&#8230;<\/li><li>Tombola : 1 Cours de cuisine africaine pour 2 personnes, 1 massage du dos aux pierres chaudes, 1 s\u00e9ance de r\u00e9flexologie plantaire, 1 livre collection sur les plus beaux paysages africains, 2 entr\u00e9es au Zoo de la Fl\u00e8che, 1 set de table africain en wax, 1 sac Afritude, et d&rsquo;autres lots&#8230; \u00e0 retirer le soir du Gala<\/li><li>Exposition-vente in\u00e9dite de photos et d&rsquo;objets d&rsquo;art Africain<\/li><li>Film du voyage de solidarit\u00e9 internationale en Avril 2022<\/li><li>Un petit pas de danse pour cl\u00f4turer la soir\u00e9e<\/li><\/ul>\n\n\n\n<p>L&rsquo;entr\u00e9e est \u00e0 35\u20ac pour les personnes \u00e0 partir de 12 ans, et de 20\u20ac \u00e0 partir de 5 ans<\/p>\n\n\n\n<p>Pr\u00e9voyez votre plus belle tenue et inscrivez-vous sur <a href=\"https:\/\/www.helloasso.com\/associations\/cesa-bretagne\/evenements\/gala-caritatif-2022\" target=\"_blank\" rel=\"noreferrer noopener\">https:\/\/www.helloasso.com\/associations\/cesa-bretagne\/evenements\/gala-caritatif-2022<\/a><\/p>\n\n\n\n<p>ou contacter :<\/p>\n\n\n\n<p><a href=\"mailto:cesabretagne.cameroun@gmail.com\" target=\"_blank\" rel=\"noreferrer noopener\">cesabretagne.cameroun@gmail.com<\/a><\/p>\n\n\n\n<p>0615257526<\/p>\n\n\n\n<figure class=\"wp-block-image size-large\"><img loading=\"lazy\" decoding=\"async\" width=\"821\" height=\"1024\" src=\"https:\/\/cesa.domtombox.net\/wp-content\/uploads\/2022\/11\/affiche_small-821x1024.png\" alt=\"\" class=\"wp-image-276\" srcset=\"https:\/\/cesa.domtombox.net\/wp-content\/uploads\/2022\/11\/affiche_small-821x1024.png 821w, https:\/\/cesa.domtombox.net\/wp-content\/uploads\/2022\/11\/affiche_small-241x300.png 241w, https:\/\/cesa.domtombox.net\/wp-content\/uploads\/2022\/11\/affiche_small-768x958.png 768w, https:\/\/cesa.domtombox.net\/wp-content\/uploads\/2022\/11\/affiche_small.png 1128w\" sizes=\"auto, (max-width: 767px) 89vw, (max-width: 1000px) 54vw, (max-width: 1071px) 543px, 580px\" \/><\/figure>\n","protected":false},"excerpt":{"rendered":"<p>Samedi 3 d\u00e9cembre 2022, 18h30 &#8211; 1h du matin, \u00e0 l&rsquo;Archipel, 2 av. du Commandant Cousteau, 35890 Laill\u00e9 Avec avec la troupe de musiciens et de danseurs Ayelho Guichen Pont-R\u00e9an Ce sera l&rsquo;hiver \u00e0 l&rsquo;ext\u00e9rieur mais \u00e0 l&rsquo;int\u00e9rieur de la salle de Gala le mercure sera au diapason, venez bouger votre body au rythme du &hellip; <\/p>\n<p class=\"link-more\"><a href=\"https:\/\/cesa.domtombox.net\/?p=273\" class=\"more-link\">Continuer la lecture<span class=\"screen-reader-text\"> de &laquo;&nbsp;GALA CARITATIF&nbsp;&raquo;<\/span><\/a><\/p>\n","protected":false},"author":1,"featured_media":0,"comment_status":"open","ping_status":"closed","sticky":false,"template":"","format":"standard","meta":{"footnotes":""},"categories":[1],"tags":[],"class_list":["post-273","post","type-post","status-publish","format-standard","hentry","category-uncategorized"],"_links":{"self":[{"href":"https:\/\/cesa.domtombox.net\/index.php?rest_route=\/wp\/v2\/posts\/273","targetHints":{"allow":["GET"]}}],"collection":[{"href":"https:\/\/cesa.domtombox.net\/index.php?rest_route=\/wp\/v2\/posts"}],"about":[{"href":"https:\/\/cesa.domtombox.net\/index.php?rest_route=\/wp\/v2\/types\/post"}],"author":[{"embeddable":true,"href":"https:\/\/cesa.domtombox.net\/index.php?rest_route=\/wp\/v2\/users\/1"}],"replies":[{"embeddable":true,"href":"https:\/\/cesa.domtombox.net\/index.php?rest_route=%2Fwp%2Fv2%2Fcomments&post=273"}],"version-history":[{"count":6,"href":"https:\/\/cesa.domtombox.net\/index.php?rest_route=\/wp\/v2\/posts\/273\/revisions"}],"predecessor-version":[{"id":288,"href":"https:\/\/cesa.domtombox.net\/index.php?rest_route=\/wp\/v2\/posts\/273\/revisions\/288"}],"wp:attachment":[{"href":"https:\/\/cesa.domtombox.net\/index.php?rest_route=%2Fwp%2Fv2%2Fmedia&parent=273"}],"wp:term":[{"taxonomy":"category","embeddable":true,"href":"https:\/\/cesa.domtombox.net\/index.php?rest_route=%2Fwp%2Fv2%2Fcategories&post=273"},{"taxonomy":"post_tag","embeddable":true,"href":"https:\/\/cesa.domtombox.net\/index.php?rest_route=%2Fwp%2Fv2%2Ftags&post=273"}],"curies":[{"name":"wp","href":"https:\/\/api.w.org\/{rel}","templated":true}]}}