{"id":319,"date":"2024-11-27T16:35:36","date_gmt":"2024-11-27T16:35:36","guid":{"rendered":"https:\/\/cesa.domtombox.net\/?p=319"},"modified":"2024-11-28T08:49:14","modified_gmt":"2024-11-28T08:49:14","slug":"programme-du-marche-du-monde-solidaire","status":"publish","type":"post","link":"https:\/\/cesa.domtombox.net\/?p=319","title":{"rendered":"Programme du march\u00e9 du monde solidaire"},"content":{"rendered":"\n<figure class=\"wp-block-pullquote has-background\" style=\"background-color:#85af4b\"><blockquote><p>7 d\u00e9cembre 2024<\/p><cite>13h &#8211; 19h<\/cite><\/blockquote><\/figure>\n\n\n\n<p>Le March\u00e9 du Monde Solidaire propose une belle diversit\u00e9 d&rsquo;activit\u00e9s et de stands pour tous les go\u00fbts et toutes les envies :<\/p>\n\n\n\n<p class=\"has-medium-font-size\"><strong>Ateliers et Bien-\u00eatre<\/strong><\/p>\n\n\n\n<p>Huiles essentielles (Fabienne Hurault) :<br>Atelier d\u00e9couverte des bienfaits des huiles essentielles avec animation d&rsquo;application sur les mains.<\/p>\n\n\n\n<p>Y\u2019anMa :<br>Profitez d&rsquo;un moment de d\u00e9tente avec un massage Amma assis.<\/p>\n\n\n\n<p class=\"has-medium-font-size\"><strong>Gastronomie et Saveurs<\/strong><\/p>\n\n\n\n<p>Ma Bulle et Compagnie, KOZEN :<br>Plongez dans un univers gourmand avec des Mochis et du Bubble tea, un m\u00e9lange d&rsquo;influences asiatiques.<\/p>\n\n\n\n<p>CESA Bretagne :<br>Voyage culinaire autour de sauces exotiques, confitures, cr\u00eapes, cookies et boissons venues d&rsquo;ailleurs.<\/p>\n\n\n\n<p class=\"has-medium-font-size\"><strong>Artisanat et Commerce \u00e9quitable<\/strong><\/p>\n\n\n\n<p>Association Burkina 35 :<br>D\u00e9couvrez l&rsquo;artisanat africain \u00e0 travers des objets et accessoires uniques.<\/p>\n\n\n\n<p>Artisans du Monde :<br>Commerce \u00e9quitable avec des produits artisanaux, \u00e9picerie sucr\u00e9e\/sal\u00e9e et cosm\u00e9tiques.<\/p>\n\n\n\n<p>Terre d&rsquo;Afrique :<br>Stands d\u00e9di\u00e9s au commerce \u00e9quitable, m\u00ealant alimentation et artisanat.<\/p>\n\n\n\n<p class=\"has-medium-font-size\"><strong>Expositions et Cr\u00e9ations<\/strong><\/p>\n\n\n\n<p>Thom&rsquo;s Photos :<br>Admirez et achetez des photos de voyages humanitaires imprim\u00e9es sur support Dibon.<\/p>\n\n\n\n<p>Stylisme &#8211; Ana\u00eblle :<br>Mode afro-europ\u00e9enne mixte pour un look tendance avec des tissus uniques.<\/p>\n\n\n\n<p>Judith-Jane Cr\u00e9ations :<br>Bijoux artisanaux en mat\u00e9riaux recycl\u00e9s ou peints \u00e0 la main, uniques et \u00e9tanches.<\/p>\n\n\n\n<p class=\"has-medium-font-size\"><strong>Espace Parents-Enfants<\/strong><\/p>\n\n\n\n<p>Initiation au Djemb\u00e9 (16h-17h, anim\u00e9 par S\u00e9kou).<\/p>\n\n\n\n<p>Maquillage ethnique : Moment cr\u00e9atif \u00e0 partager en famille sous la direction de jeunes maquilleuses.<\/p>\n\n\n\n<p>CESA Espace Parents-EnfantsBretagne vous invite \u00e0 d\u00e9couvrir son univers associatif \u00e0 travers des saveurs exotiques et une ambiance chaleureuse, contribuant \u00e0 des projets solidaires et culturels.<\/p>\n\n\n\n<p>Une journ\u00e9e riche en d\u00e9couvertes, partages et solidarit\u00e9s !<\/p>\n\n\n\n<div class=\"wp-block-buttons is-layout-flex wp-block-buttons-is-layout-flex\">\n<div class=\"wp-block-button\"><a class=\"wp-block-button__link has-background wp-element-button\" href=\"https:\/\/www.helloasso.com\/associations\/cesa-bretagne\/evenements\/gala-caritatif-2024\" style=\"background-color:#85af4b\">Et n&rsquo;oubliez pas de r\u00e9server pour le gala via ce bouton<\/a><\/div>\n<\/div>\n\n\n\n<p><\/p>\n","protected":false},"excerpt":{"rendered":"<p>7 d\u00e9cembre 2024 13h &#8211; 19h Le March\u00e9 du Monde Solidaire propose une belle diversit\u00e9 d&rsquo;activit\u00e9s et de stands pour tous les go\u00fbts et toutes les envies : Ateliers et Bien-\u00eatre Huiles essentielles (Fabienne Hurault) :Atelier d\u00e9couverte des bienfaits des huiles essentielles avec animation d&rsquo;application sur les mains. Y\u2019anMa :Profitez d&rsquo;un moment de d\u00e9tente avec &hellip; <\/p>\n<p class=\"link-more\"><a href=\"https:\/\/cesa.domtombox.net\/?p=319\" class=\"more-link\">Continuer la lecture<span class=\"screen-reader-text\"> de &laquo;&nbsp;Programme du march\u00e9 du monde solidaire&nbsp;&raquo;<\/span><\/a><\/p>\n","protected":false},"author":1,"featured_media":0,"comment_status":"open","ping_status":"closed","sticky":false,"template":"","format":"standard","meta":{"footnotes":""},"categories":[6],"tags":[],"class_list":["post-319","post","type-post","status-publish","format-standard","hentry","category-evenements"],"_links":{"self":[{"href":"https:\/\/cesa.domtombox.net\/index.php?rest_route=\/wp\/v2\/posts\/319","targetHints":{"allow":["GET"]}}],"collection":[{"href":"https:\/\/cesa.domtombox.net\/index.php?rest_route=\/wp\/v2\/posts"}],"about":[{"href":"https:\/\/cesa.domtombox.net\/index.php?rest_route=\/wp\/v2\/types\/post"}],"author":[{"embeddable":true,"href":"https:\/\/cesa.domtombox.net\/index.php?rest_route=\/wp\/v2\/users\/1"}],"replies":[{"embeddable":true,"href":"https:\/\/cesa.domtombox.net\/index.php?rest_route=%2Fwp%2Fv2%2Fcomments&post=319"}],"version-history":[{"count":3,"href":"https:\/\/cesa.domtombox.net\/index.php?rest_route=\/wp\/v2\/posts\/319\/revisions"}],"predecessor-version":[{"id":328,"href":"https:\/\/cesa.domtombox.net\/index.php?rest_route=\/wp\/v2\/posts\/319\/revisions\/328"}],"wp:attachment":[{"href":"https:\/\/cesa.domtombox.net\/index.php?rest_route=%2Fwp%2Fv2%2Fmedia&parent=319"}],"wp:term":[{"taxonomy":"category","embeddable":true,"href":"https:\/\/cesa.domtombox.net\/index.php?rest_route=%2Fwp%2Fv2%2Fcategories&post=319"},{"taxonomy":"post_tag","embeddable":true,"href":"https:\/\/cesa.domtombox.net\/index.php?rest_route=%2Fwp%2Fv2%2Ftags&post=319"}],"curies":[{"name":"wp","href":"https:\/\/api.w.org\/{rel}","templated":true}]}}