{"id":335,"date":"2025-11-16T11:07:24","date_gmt":"2025-11-16T11:07:24","guid":{"rendered":"https:\/\/cesa.domtombox.net\/?p=335"},"modified":"2025-11-16T11:08:44","modified_gmt":"2025-11-16T11:08:44","slug":"10-ans-de-solidarite-et-dengagement","status":"publish","type":"post","link":"https:\/\/cesa.domtombox.net\/?p=335","title":{"rendered":"10 ans de solidarit\u00e9 et d&rsquo;engagement !"},"content":{"rendered":"\n<p>C\u00e9l\u00e9brons ensemble 10 ans de solidarit\u00e9 et d&rsquo;engagement !<\/p>\n\n\n\n<div class=\"wp-block-buttons is-content-justification-center is-layout-flex wp-container-core-buttons-is-layout-16018d1d wp-block-buttons-is-layout-flex\">\n<div class=\"wp-block-button\"><a class=\"wp-block-button__link has-background wp-element-button\" href=\"https:\/\/www.helloasso.com\/associations\/cesa-bretagne\/evenements\/gala-caritatif-2025-une-decennie-de-solidarite\" style=\"background-color:#85af4b\">R\u00e9server tout de suite !<\/a><\/div>\n<\/div>\n\n\n\n<p>L\u2019Association CESA BRETAGNE a parcouru un chemin incroyable gr\u00e2ce \u00e0 vous : b\u00e9n\u00e9voles, partenaires, donateurs et amis. En 10 ans, nous avons pu accompagner de nombreuses initiatives solidaires et changer des vies, ensemble.<\/p>\n\n\n\n<p>10 ans, c\u2019est 10 ans d\u2019entraide, d\u2019accompagnement et de projets r\u00e9alis\u00e9s\u2026 mais ce n\u2019est que le d\u00e9but ! Le Gala Anniversaire du 6 d\u00e9cembre 2025 marquera le lancement d\u2019une nouvelle d\u00e9cennie pleine de promesses !<\/p>\n\n\n\n<p>Ce sera l\u2019occasion de se retrouver, de c\u00e9l\u00e9brer nos r\u00e9ussites et de partager un moment fort de convivialit\u00e9. Des surprises vous attendent, alors ne manquez pas cet \u00e9v\u00e9nement exceptionnel !<\/p>\n\n\n\n<div class=\"wp-block-group is-vertical is-layout-flex wp-container-core-group-is-layout-8cf370e7 wp-block-group-is-layout-flex\">\n<p><strong><mark style=\"background-color:rgba(0, 0, 0, 0);color:#85af4b\" class=\"has-inline-color\">Samedi 6 d\u00e9cembre 2025 \u00e0 19h<\/mark><\/strong><\/p>\n\n\n\n<p><strong><mark style=\"background-color:rgba(0, 0, 0, 0);color:#85af4b\" class=\"has-inline-color\">Salle de l\u2019Archipel, Laill\u00e9<\/mark><\/strong><\/p>\n\n\n\n<p><strong><mark style=\"background-color:rgba(0, 0, 0, 0);color:#85af4b\" class=\"has-inline-color\">R\u00e9servez vos places sur HelloAsso : <a href=\"https:\/\/www.helloasso.com\/associations\/cesa-bretagne\/evenements\/gala-caritatif-2025-une-decennie-de-solidarite\">https:\/\/www.helloasso.com\/associations\/cesa-bretagne\/evenements\/gala-caritatif-2025-une-decennie-de-solidarite<\/a><\/mark><\/strong><\/p>\n<\/div>\n\n\n\n<p>Pour les 10 ans de l&rsquo;association CESA BRETAGNE, on va mettre les petits plats dans les grands avec une formule (boissons comprises) compos\u00e9e de 3 buffets gourmands, vari\u00e9s et \u00e9l\u00e9gants<\/p>\n\n\n\n<p>Pour partager ce moment festif et de solidarit\u00e9 avec le plus grand nombre, nous vous proposons plusieurs formules de tarifs.<\/p>\n\n\n\n<p><strong>Tarif groupe (hors tarifs sp\u00e9ciaux):<\/strong><\/p>\n\n\n\n<ul class=\"wp-block-list\">\n<li>A partir de 4 adultes, 35\u20ac\/personnes au lieu de 40<\/li>\n\n\n\n<li>R\u00e9servation d&rsquo;une table de 6 personnes, 6e place gratuite<\/li>\n<\/ul>\n\n\n\n<p><strong>Tarif famille (hors tarifs sp\u00e9ciaux) :<\/strong><\/p>\n\n\n\n<ul class=\"wp-block-list\">\n<li>2 adultes et 2 enfants 110\u20ac au lieu de 120<\/li>\n<\/ul>\n\n\n\n<p><strong>\u00c0 \u00e9v\u00e9nement exceptionnel, lots de tombola exceptionnels :<\/strong><\/p>\n\n\n\n<ul class=\"wp-block-list\">\n<li>Une semaine dans un g\u00eete en Haute-Savoie, entre montagne et Lac de Annecy 385\u20ac<\/li>\n\n\n\n<li>Un week-end sur la c\u00e9l\u00e8bre c\u00f4te de granit rose, dans un g\u00eete \u00e0 Plougrescant, \u00e0 800m de la mer 215\u20ac<\/li>\n\n\n\n<li>Un soin bien-\u00eatre 80\u20ac<\/li>\n\n\n\n<li>Un cours de cuisine africaine 55\u20ac<\/li>\n\n\n\n<li>Un Sac \u00e0 main et son porte monnaies, en perles, faites par des prisonniers au Cameroun 60\u20ac<\/li>\n\n\n\n<li>Une photo<\/li>\n<\/ul>\n\n\n\n<div class=\"wp-block-buttons is-content-justification-center is-layout-flex wp-container-core-buttons-is-layout-16018d1d wp-block-buttons-is-layout-flex\">\n<div class=\"wp-block-button\"><a class=\"wp-block-button__link has-background wp-element-button\" href=\"https:\/\/www.helloasso.com\/associations\/cesa-bretagne\/evenements\/gala-caritatif-2025-une-decennie-de-solidarite\" style=\"background-color:#85af4b\">R\u00e9server tout de suite !<\/a><\/div>\n<\/div>\n\n\n\n<figure class=\"wp-block-image size-large\"><img loading=\"lazy\" decoding=\"async\" width=\"724\" height=\"1024\" src=\"https:\/\/cesa.domtombox.net\/wp-content\/uploads\/2025\/11\/affiche-724x1024.jpg\" alt=\"Affiche Gala 2025\" class=\"wp-image-336\" srcset=\"https:\/\/cesa.domtombox.net\/wp-content\/uploads\/2025\/11\/affiche-724x1024.jpg 724w, https:\/\/cesa.domtombox.net\/wp-content\/uploads\/2025\/11\/affiche-212x300.jpg 212w, https:\/\/cesa.domtombox.net\/wp-content\/uploads\/2025\/11\/affiche-768x1086.jpg 768w, https:\/\/cesa.domtombox.net\/wp-content\/uploads\/2025\/11\/affiche-1086x1536.jpg 1086w, https:\/\/cesa.domtombox.net\/wp-content\/uploads\/2025\/11\/affiche.jpg 1448w\" sizes=\"auto, (max-width: 724px) 100vw, 724px\" \/><\/figure>\n","protected":false},"excerpt":{"rendered":"<p>C\u00e9l\u00e9brons ensemble 10 ans de solidarit\u00e9 et d&rsquo;engagement ! L\u2019Association CESA BRETAGNE a parcouru un chemin incroyable gr\u00e2ce \u00e0 vous : b\u00e9n\u00e9voles, partenaires, donateurs et amis. En 10 ans, nous avons pu accompagner de nombreuses initiatives solidaires et changer des vies, ensemble. 10 ans, c\u2019est 10 ans d\u2019entraide, d\u2019accompagnement et de projets r\u00e9alis\u00e9s\u2026 mais ce &hellip; <\/p>\n<p class=\"link-more\"><a href=\"https:\/\/cesa.domtombox.net\/?p=335\" class=\"more-link\">Continuer la lecture<span class=\"screen-reader-text\"> de &laquo;&nbsp;10 ans de solidarit\u00e9 et d&rsquo;engagement !&nbsp;&raquo;<\/span><\/a><\/p>\n","protected":false},"author":1,"featured_media":0,"comment_status":"open","ping_status":"closed","sticky":false,"template":"","format":"standard","meta":{"footnotes":""},"categories":[6],"tags":[],"class_list":["post-335","post","type-post","status-publish","format-standard","hentry","category-evenements"],"_links":{"self":[{"href":"https:\/\/cesa.domtombox.net\/index.php?rest_route=\/wp\/v2\/posts\/335","targetHints":{"allow":["GET"]}}],"collection":[{"href":"https:\/\/cesa.domtombox.net\/index.php?rest_route=\/wp\/v2\/posts"}],"about":[{"href":"https:\/\/cesa.domtombox.net\/index.php?rest_route=\/wp\/v2\/types\/post"}],"author":[{"embeddable":true,"href":"https:\/\/cesa.domtombox.net\/index.php?rest_route=\/wp\/v2\/users\/1"}],"replies":[{"embeddable":true,"href":"https:\/\/cesa.domtombox.net\/index.php?rest_route=%2Fwp%2Fv2%2Fcomments&post=335"}],"version-history":[{"count":7,"href":"https:\/\/cesa.domtombox.net\/index.php?rest_route=\/wp\/v2\/posts\/335\/revisions"}],"predecessor-version":[{"id":346,"href":"https:\/\/cesa.domtombox.net\/index.php?rest_route=\/wp\/v2\/posts\/335\/revisions\/346"}],"wp:attachment":[{"href":"https:\/\/cesa.domtombox.net\/index.php?rest_route=%2Fwp%2Fv2%2Fmedia&parent=335"}],"wp:term":[{"taxonomy":"category","embeddable":true,"href":"https:\/\/cesa.domtombox.net\/index.php?rest_route=%2Fwp%2Fv2%2Fcategories&post=335"},{"taxonomy":"post_tag","embeddable":true,"href":"https:\/\/cesa.domtombox.net\/index.php?rest_route=%2Fwp%2Fv2%2Ftags&post=335"}],"curies":[{"name":"wp","href":"https:\/\/api.w.org\/{rel}","templated":true}]}}